{"id":10351,"date":"2024-02-05T13:27:00","date_gmt":"2024-02-05T19:27:00","guid":{"rendered":"https:\/\/radiolapeligrosaoriente.com\/?p=10351"},"modified":"2024-02-05T10:31:46","modified_gmt":"2024-02-05T16:31:46","slug":"peso-pluma-gana-su-primer-grammy-a-mejor-album-de-musica-mexicana","status":"publish","type":"post","link":"https:\/\/radiolapeligrosaoriente.com\/?p=10351","title":{"rendered":"Peso Pluma gana su primer GRAMMY a Mejor \u00c1lbum de M\u00fasica Mexicana"},"content":{"rendered":"\n<p class=\"wp-block-paragraph\">Peso Pluma destac\u00f3 entre los artistas hispanos en llevarse un GRAMMY este domingo 4 de febrero en Los \u00c1ngeles. Se trata de su primer gram\u00f3fono estadounidense para el joven mexicano de 24 a\u00f1os.<\/p>\n\n\n\n<!--more-->\n\n\n\n<p class=\"wp-block-paragraph\"><strong>El cantante de corridos tumbados Peso Pluma&nbsp;<\/strong>recibi\u00f3 este domingo 4 de febrero&nbsp;<strong>su primer GRAMMY&nbsp;<\/strong>estadounidense a Mejor \u00c1lbum de M\u00fasica Mexicana (incluyendo tejano) por su disco &#8216;G\u00e9nesis&#8217;.<\/p>\n\n\n\n<p class=\"wp-block-paragraph\">Aunque Peso Pluma no acudi\u00f3 a recoger su galard\u00f3n, que tambi\u00e9n contemplaba a exponentes de la m\u00fasica texana, el mexicano s\u00ed reaccion\u00f3 a trav\u00e9s de redes sociales.<\/p>\n\n\n\n<p class=\"wp-block-paragraph\">\u00bb&nbsp;<strong>Gracias a todos ustedes que escuchan<\/strong>&nbsp;y que apoyan mi m\u00fasica. Hoy se cumpli\u00f3 un sue\u00f1o no solo m\u00edo si no de un equipo entero\u00bb, escribi\u00f3.<\/p>\n\n\n\n<p class=\"wp-block-paragraph\">\u00bb&nbsp;<strong>Seguir\u00e9 representando a mi pa\u00eds<\/strong>&nbsp;a donde quiera que vaya. Feliz de poder pertenecer a la lista de grandes artistas mexicanos ganadores de un GRAMMY \u00ab, public\u00f3 poco despu\u00e9s la estrella de los corridos tumbados en la red social X.<\/p>\n\n\n\n<p class=\"wp-block-paragraph\">El premio de Peso Pluma fue presentado durante la bautizada Premiere de los GRAMMY, una gala previa al evento principal que se celebra este domingo por la noche en el Crpyto.com Arena de Los \u00c1ngeles.<\/p>\n\n\n\n<p class=\"wp-block-paragraph\">En la premiere se entregaron la mayor\u00eda de premios en los apartados destinados a la m\u00fasica latina.<\/p>\n\n\n\n<p class=\"wp-block-paragraph\">El joven int\u00e9rprete s\u00ed desfil\u00f3 por la alfombra roja previa a la gala principal de la mano de su novia Nicki Nicole y dijo estar muy \u00abemocionado\u00bb de haber ganado en la ceremonia previa. Adelant\u00f3 que habr\u00e1 m\u00e1s m\u00fasica por venir de parte de \u00e9l.<\/p>\n\n\n\n<p class=\"wp-block-paragraph\">En el apartado de Mejor \u00c1lbum de Rock Latino o Alternativo se produjo un empate entre&nbsp;<strong>Natalia Lafourcade<\/strong>&nbsp;(&#8216;De Todas Las Flores&#8217;) y&nbsp;<strong>Juanes<\/strong>&nbsp;(&#8216;Vida Cotidiana&#8217;).<\/p>\n\n\n\n<p class=\"wp-block-paragraph\">\u00bb&nbsp;<strong>Gracias a mi familia<\/strong>, a la madre Tierra y a la m\u00fasica. Cada vac\u00edo, cada persona rota puede ser curada con el poder de la m\u00fasica\u00bb, exclam\u00f3 la ganadora de cuatro premios GRAMMY estadounidenses tras este reconocimiento.<\/p>\n\n\n\n<p class=\"wp-block-paragraph\">\u00abSeguir\u00e9 llevando mi inspiraci\u00f3n a la m\u00fasica. \u00a1Mam\u00e1, pap\u00e1, v\u00e1aaamonos!\u00bb, dijo.<\/p>\n\n\n\n<p class=\"wp-block-paragraph\">Mientras que el colombiano, que tiene el mismo n\u00famero de gram\u00f3fonos, no pudo asistir a la ceremonia y su premio fue recogido por sus compa\u00f1eros de equipo.<\/p>\n\n\n\n<p class=\"wp-block-paragraph\">Asimismo, la cantautora y guitarrista guatemalteca&nbsp;<strong>Gaby Moreno<\/strong>, que hab\u00eda sido ovacionada minutos antes con una actuaci\u00f3n en la pregala, venci\u00f3 en el apartado de Mejor \u00c1lbum de Pop Latino con &#8216;X M\u00ed (Vol. 1)&#8217;.<\/p>\n\n\n\n<p class=\"wp-block-paragraph\">\u00bb&nbsp;<strong>Muchas gracias a mi madre<\/strong>&nbsp;y a mi hermana por venir desde Guatemala aqu\u00ed solo para verme\u00bb, mencion\u00f3.<\/p>\n\n\n\n<p class=\"wp-block-paragraph\">\u00abEste es un \u00e1lbum ac\u00fastico conformado por canciones que han significado mucho para m\u00ed de otros proyectos [&#8230;] Se lo quiero dedicar a toda mi gente en Guatemala\u00bb.<\/p>\n","protected":false},"excerpt":{"rendered":"<p>Peso Pluma destac\u00f3 entre los artistas hispanos<\/p>\n","protected":false},"author":1,"featured_media":10352,"comment_status":"closed","ping_status":"closed","sticky":false,"template":"","format":"standard","meta":{"_crdt_document":"","footnotes":"","jetpack_publicize_message":"","jetpack_publicize_feature_enabled":true,"jetpack_social_post_already_shared":true,"jetpack_social_options":{"image_generator_settings":{"template":"highway","default_image_id":0,"font":"","enabled":false},"version":2}},"categories":[1],"tags":[],"class_list":["post-10351","post","type-post","status-publish","format-standard","has-post-thumbnail","hentry","category-farandula"],"jetpack_publicize_connections":[],"_links":{"self":[{"href":"https:\/\/radiolapeligrosaoriente.com\/index.php?rest_route=\/wp\/v2\/posts\/10351","targetHints":{"allow":["GET"]}}],"collection":[{"href":"https:\/\/radiolapeligrosaoriente.com\/index.php?rest_route=\/wp\/v2\/posts"}],"about":[{"href":"https:\/\/radiolapeligrosaoriente.com\/index.php?rest_route=\/wp\/v2\/types\/post"}],"author":[{"embeddable":true,"href":"https:\/\/radiolapeligrosaoriente.com\/index.php?rest_route=\/wp\/v2\/users\/1"}],"replies":[{"embeddable":true,"href":"https:\/\/radiolapeligrosaoriente.com\/index.php?rest_route=%2Fwp%2Fv2%2Fcomments&post=10351"}],"version-history":[{"count":1,"href":"https:\/\/radiolapeligrosaoriente.com\/index.php?rest_route=\/wp\/v2\/posts\/10351\/revisions"}],"predecessor-version":[{"id":10353,"href":"https:\/\/radiolapeligrosaoriente.com\/index.php?rest_route=\/wp\/v2\/posts\/10351\/revisions\/10353"}],"wp:featuredmedia":[{"embeddable":true,"href":"https:\/\/radiolapeligrosaoriente.com\/index.php?rest_route=\/wp\/v2\/media\/10352"}],"wp:attachment":[{"href":"https:\/\/radiolapeligrosaoriente.com\/index.php?rest_route=%2Fwp%2Fv2%2Fmedia&parent=10351"}],"wp:term":[{"taxonomy":"category","embeddable":true,"href":"https:\/\/radiolapeligrosaoriente.com\/index.php?rest_route=%2Fwp%2Fv2%2Fcategories&post=10351"},{"taxonomy":"post_tag","embeddable":true,"href":"https:\/\/radiolapeligrosaoriente.com\/index.php?rest_route=%2Fwp%2Fv2%2Ftags&post=10351"}],"curies":[{"name":"wp","href":"https:\/\/api.w.org\/{rel}","templated":true}]}}