{"id":10746,"date":"2024-07-04T08:35:57","date_gmt":"2024-07-04T14:35:57","guid":{"rendered":"https:\/\/radiolapeligrosaoriente.com\/?p=10746"},"modified":"2024-07-04T08:35:57","modified_gmt":"2024-07-04T14:35:57","slug":"christian-nodal-responde-a-quienes-le-dicen-que-el-karma-va-llegando-de-a-poco","status":"publish","type":"post","link":"https:\/\/radiolapeligrosaoriente.com\/?p=10746","title":{"rendered":"Christian Nodal responde a quienes le dicen que \u201cel karma va llegando de a poco\u201d"},"content":{"rendered":"\n<p class=\"wp-block-paragraph\">El cantante enfrent\u00f3 a quienes hablan negativamente de su vida personal luego de que concluy\u00f3 su relaci\u00f3n con Cazzu y, casi enseguida, se dio una nueva oportunidad en el amor con \u00c1ngela Aguilar.<\/p>\n\n\n\n<!--more-->\n\n\n\n<p class=\"wp-block-paragraph\">Luego de una exitosa presentaci\u00f3n en Madrid, donde estuvo acompa\u00f1ado por Fher, del grupo Man\u00e1, y no por su&nbsp;novia \u00c1ngela Aguilar,&nbsp;<strong>Christian Nodal respondi\u00f3 contundente a quienes le dicen que \u201cel karma va llegando de a poco\u201d.<\/strong><\/p>\n\n\n\n<p class=\"wp-block-paragraph\">A prop\u00f3sito del lanzamiento de su nueva canci\u00f3n \u2018No me siento bien\u2019, el int\u00e9rprete de 25 a\u00f1os comparti\u00f3 una fotograf\u00eda en la que aparece sobre un colch\u00f3n que flota en medio del oc\u00e9ano.<a href=\"https:\/\/www.kargo.com\/privacy\" target=\"_blank\" rel=\"noreferrer noopener\"><\/a><\/p>\n\n\n\n<p class=\"wp-block-paragraph\"><strong>\u201cNo me 100to bien\u201d,<\/strong>&nbsp;escribi\u00f3 el cantante de regional mexicano junto a varios emojis de un reloj de arena y un coraz\u00f3n en llamas este 3 de julio.<\/p>\n\n\n\n<figure class=\"wp-block-embed is-type-rich is-provider-instagram wp-block-embed-instagram\"><div class=\"wp-block-embed__wrapper\">\nhttps:\/\/www.instagram.com\/p\/C899JUBMo0o\/\n<\/div><\/figure>\n\n\n\n<p class=\"wp-block-paragraph\">La publicaci\u00f3n de Christian Nodal desat\u00f3 todo tipo de comentarios, los cuales iban desde felicitaciones por su trabajo hasta cr\u00edticas por su vida personal.&nbsp;<strong>Una usuaria de Instagram, incluso, le escribi\u00f3: \u201cY el karma va llegando de a poco\u201d.<\/strong><\/p>\n\n\n\n<p class=\"wp-block-paragraph\">Ante este mensaje, Christian Nodal no se qued\u00f3 callado y respondi\u00f3 contundente:&nbsp;<strong>\u201cPara que el karma no me alcance voy a 100 millas por hora\u201d<\/strong>&nbsp;y agreg\u00f3 varios emojis en forma de coraz\u00f3n y llamas.<\/p>\n\n\n\n<figure class=\"wp-block-image size-full\"><img data-recalc-dims=\"1\" decoding=\"async\" src=\"https:\/\/i0.wp.com\/999azucar.com\/wp-content\/uploads\/2024\/07\/image.png?w=640&#038;ssl=1\" alt=\"\" class=\"wp-image-10806\"\/><\/figure>\n\n\n\n<p class=\"wp-block-paragraph\">Posteriormente, continu\u00f3 respondiendo uno a uno los mensajes de sus seguidores, quienes, en su mayor\u00eda, coincid\u00edan en decir que su Pa\u2019l Cora Tour era un gran espect\u00e1culo.<\/p>\n\n\n\n<p class=\"wp-block-paragraph\">A la par de que Christian Nodal contin\u00faa cosechando \u00e9xitos en Europa, su&nbsp;<strong>hija Inti reapareci\u00f3<\/strong>&nbsp;en redes sociales a trav\u00e9s de una nueva fotograf\u00eda.<\/p>\n\n\n\n<p class=\"wp-block-paragraph\">La imagen, que fue compartida por la hermana de&nbsp;<strong>Cazzu<\/strong>&nbsp;en Instagram, acapar\u00f3 la atenci\u00f3n de los internautas, quienes consideran que&nbsp;<strong>la beb\u00e9 no solo habr\u00eda heredado los ojos de su pap\u00e1, sino tambi\u00e9n sus cejas y hasta sus labios.<\/strong><\/p>\n\n\n\n<figure class=\"wp-block-image size-full\"><img data-recalc-dims=\"1\" decoding=\"async\" src=\"https:\/\/i0.wp.com\/999azucar.com\/wp-content\/uploads\/2024\/07\/image-1.png?w=640&#038;ssl=1\" alt=\"\" class=\"wp-image-10807\"\/><\/figure>\n\n\n\n<p class=\"wp-block-paragraph\">\u201cTe amo pal pingo, Inti, c\u00f3mo vas a tener esa carita, por Dios, me muero\u201d, escribi\u00f3 Florencia Cazzuchelli el pasado 1 de julio.<\/p>\n","protected":false},"excerpt":{"rendered":"<p>El cantante enfrent\u00f3 a quienes hablan negativamente<\/p>\n","protected":false},"author":1,"featured_media":10162,"comment_status":"closed","ping_status":"closed","sticky":false,"template":"","format":"standard","meta":{"_crdt_document":"","footnotes":"","jetpack_publicize_message":"","jetpack_publicize_feature_enabled":true,"jetpack_social_post_already_shared":true,"jetpack_social_options":{"image_generator_settings":{"template":"highway","default_image_id":0,"font":"","enabled":false},"version":2}},"categories":[1],"tags":[],"class_list":["post-10746","post","type-post","status-publish","format-standard","has-post-thumbnail","hentry","category-farandula"],"jetpack_publicize_connections":[],"_links":{"self":[{"href":"https:\/\/radiolapeligrosaoriente.com\/index.php?rest_route=\/wp\/v2\/posts\/10746","targetHints":{"allow":["GET"]}}],"collection":[{"href":"https:\/\/radiolapeligrosaoriente.com\/index.php?rest_route=\/wp\/v2\/posts"}],"about":[{"href":"https:\/\/radiolapeligrosaoriente.com\/index.php?rest_route=\/wp\/v2\/types\/post"}],"author":[{"embeddable":true,"href":"https:\/\/radiolapeligrosaoriente.com\/index.php?rest_route=\/wp\/v2\/users\/1"}],"replies":[{"embeddable":true,"href":"https:\/\/radiolapeligrosaoriente.com\/index.php?rest_route=%2Fwp%2Fv2%2Fcomments&post=10746"}],"version-history":[{"count":1,"href":"https:\/\/radiolapeligrosaoriente.com\/index.php?rest_route=\/wp\/v2\/posts\/10746\/revisions"}],"predecessor-version":[{"id":10747,"href":"https:\/\/radiolapeligrosaoriente.com\/index.php?rest_route=\/wp\/v2\/posts\/10746\/revisions\/10747"}],"wp:featuredmedia":[{"embeddable":true,"href":"https:\/\/radiolapeligrosaoriente.com\/index.php?rest_route=\/wp\/v2\/media\/10162"}],"wp:attachment":[{"href":"https:\/\/radiolapeligrosaoriente.com\/index.php?rest_route=%2Fwp%2Fv2%2Fmedia&parent=10746"}],"wp:term":[{"taxonomy":"category","embeddable":true,"href":"https:\/\/radiolapeligrosaoriente.com\/index.php?rest_route=%2Fwp%2Fv2%2Fcategories&post=10746"},{"taxonomy":"post_tag","embeddable":true,"href":"https:\/\/radiolapeligrosaoriente.com\/index.php?rest_route=%2Fwp%2Fv2%2Ftags&post=10746"}],"curies":[{"name":"wp","href":"https:\/\/api.w.org\/{rel}","templated":true}]}}