{"id":10748,"date":"2024-07-08T09:16:16","date_gmt":"2024-07-08T15:16:16","guid":{"rendered":"https:\/\/radiolapeligrosaoriente.com\/?p=10748"},"modified":"2024-07-08T09:16:16","modified_gmt":"2024-07-08T15:16:16","slug":"nodal-no-soporta-estar-sin-angela-aguilar-tras-su-separacion","status":"publish","type":"post","link":"https:\/\/radiolapeligrosaoriente.com\/?p=10748","title":{"rendered":"Nodal no soporta estar sin \u00c1ngela Aguilar tras su separaci\u00f3n"},"content":{"rendered":"\n<p class=\"wp-block-paragraph\">Christian Nodal lanz\u00f3 un impaciente mensaje<strong>&nbsp;tras haberse separado de \u00c1ngela Aguilar<\/strong>&nbsp;solo unas semanas despu\u00e9s de confirmar su pol\u00e9mico romance. <\/p>\n\n\n\n<!--more-->\n\n\n\n<p class=\"wp-block-paragraph\">A miles de millas de distancia, parece que ella le contest\u00f3.<\/p>\n\n\n\n<p class=\"wp-block-paragraph\"><strong>Christian Nodal<\/strong>&nbsp;dej\u00f3 claro que&nbsp;<strong>no soporta estar lejos de \u00c1ngela Aguilar&nbsp;<\/strong>luego de la separaci\u00f3n temporal que se ha suscitado entre ellos.<\/p>\n\n\n\n<p class=\"wp-block-paragraph\">Lo hizo saber a trav\u00e9s de un contundente mensaje que public\u00f3 en Instagram este s\u00e1bado 6 de julio.<\/p>\n\n\n\n<p class=\"wp-block-paragraph\">Durante junio pasado, la joven pareja se mostr\u00f3 de viaje por distintas partes del mundo, pero desde hace una semana se tuvieron que separar de manera temporal debido a sus compromisos laborales.<\/p>\n\n\n\n<p class=\"wp-block-paragraph\">Por un lado, el mexicano se qued\u00f3 en Europa en donde realiz\u00f3 una gira de conciertos por ciudades como Par\u00eds, Londres, Madrid y Zurich.<\/p>\n\n\n\n<p class=\"wp-block-paragraph\"><strong>\u00c1ngela Aguilar regres\u00f3 a EEUU para reintegrarse con su familia&nbsp;<\/strong>al espect\u00e1culo &#8216;Jaripeo sin fronteras: hasta los huesos&#8217;.<\/p>\n\n\n\n<p class=\"wp-block-paragraph\">\u00bb&nbsp;<strong>Extra\u00f1\u00e1ndote con locura<\/strong>, vida m\u00eda\u00bb, escribi\u00f3 Nodal en Instagram sobre una foto en la que se ve a la cantante sentada sobre \u00e9l en el interior de un avi\u00f3n.<\/p>\n\n\n\n<figure class=\"wp-block-image size-full\"><img data-recalc-dims=\"1\" decoding=\"async\" src=\"https:\/\/i0.wp.com\/999azucar.com\/wp-content\/uploads\/2024\/07\/image-2.png?w=640&#038;ssl=1\" alt=\"\" class=\"wp-image-10810\"\/><\/figure>\n\n\n\n<p class=\"wp-block-paragraph\"><strong>La artista lo abraza y besa<\/strong>&nbsp;con cari\u00f1o mientras a \u00e9l se le observa con una sonrisa ante el amoroso gesto de su novia.<\/p>\n\n\n\n<p class=\"wp-block-paragraph\">No est\u00e1 clara la fecha ni d\u00f3nde la pareja podr\u00eda reencontrarse luego de los d\u00edas en que han estado separados.<\/p>\n\n\n\n<p class=\"wp-block-paragraph\">Luego de que Nodal public\u00f3 en Instagram el mensaje en donde admit\u00eda estar \u00abextra\u00f1ando\u00bb con \u00ablocura\u00bb a la cantante de 20 a\u00f1os, ella parece haberle contestado desde Chicago durante este fin de semana.<\/p>\n\n\n\n<p class=\"wp-block-paragraph\"><strong>\u00abTe extra\u00f1o, mi amor\u00bb<\/strong>, dijo cuando cantaba en &#8216;Jaripeo sin fronteras: hasta los huesos&#8217;&nbsp;<strong>el tema &#8216;Dime c\u00f3mo quieres&#8217;<\/strong>, seg\u00fan una rese\u00f1a de este s\u00e1bado 6 de julio.<\/p>\n\n\n\n<figure class=\"wp-block-embed is-type-video is-provider-tiktok wp-block-embed-tiktok\"><div class=\"wp-block-embed__wrapper\">\nhttps:\/\/www.tiktok.com\/@stephhmenn\/video\/7388381418193243422?refer=embed\n<\/div><\/figure>\n\n\n\n<p class=\"wp-block-paragraph\">Aunque no mencion\u00f3 de manera expl\u00edcita a Nodal, muchos tomaron sus palabras como&nbsp;<strong>presunta respuesta al mensaje de su novio de 25 a\u00f1os<\/strong>, con quien grab\u00f3 en 2020 la famosa canci\u00f3n a dueto y que ahora es considerada por algunos como un estandarte del romance que sostienen.<\/p>\n\n\n\n<p class=\"wp-block-paragraph\">La relaci\u00f3n que confirmaron el pasado 10 de junio ha estado envuelta en pol\u00e9mica ya que fue anunciada solo 18 d\u00edas despu\u00e9s de que&nbsp;<strong>Nodal dio a conocer su separaci\u00f3n de Cazzu<\/strong>, con quien tiene una hija de 9 meses de nacida.<\/p>\n","protected":false},"excerpt":{"rendered":"<p>Christian Nodal lanz\u00f3 un impaciente mensaje&nbsp;tras haberse<\/p>\n","protected":false},"author":1,"featured_media":10722,"comment_status":"closed","ping_status":"closed","sticky":false,"template":"","format":"standard","meta":{"_crdt_document":"","footnotes":"","jetpack_publicize_message":"","jetpack_publicize_feature_enabled":true,"jetpack_social_post_already_shared":true,"jetpack_social_options":{"image_generator_settings":{"template":"highway","default_image_id":0,"font":"","enabled":false},"version":2}},"categories":[1],"tags":[],"class_list":["post-10748","post","type-post","status-publish","format-standard","has-post-thumbnail","hentry","category-farandula"],"jetpack_publicize_connections":[],"_links":{"self":[{"href":"https:\/\/radiolapeligrosaoriente.com\/index.php?rest_route=\/wp\/v2\/posts\/10748","targetHints":{"allow":["GET"]}}],"collection":[{"href":"https:\/\/radiolapeligrosaoriente.com\/index.php?rest_route=\/wp\/v2\/posts"}],"about":[{"href":"https:\/\/radiolapeligrosaoriente.com\/index.php?rest_route=\/wp\/v2\/types\/post"}],"author":[{"embeddable":true,"href":"https:\/\/radiolapeligrosaoriente.com\/index.php?rest_route=\/wp\/v2\/users\/1"}],"replies":[{"embeddable":true,"href":"https:\/\/radiolapeligrosaoriente.com\/index.php?rest_route=%2Fwp%2Fv2%2Fcomments&post=10748"}],"version-history":[{"count":1,"href":"https:\/\/radiolapeligrosaoriente.com\/index.php?rest_route=\/wp\/v2\/posts\/10748\/revisions"}],"predecessor-version":[{"id":10749,"href":"https:\/\/radiolapeligrosaoriente.com\/index.php?rest_route=\/wp\/v2\/posts\/10748\/revisions\/10749"}],"wp:featuredmedia":[{"embeddable":true,"href":"https:\/\/radiolapeligrosaoriente.com\/index.php?rest_route=\/wp\/v2\/media\/10722"}],"wp:attachment":[{"href":"https:\/\/radiolapeligrosaoriente.com\/index.php?rest_route=%2Fwp%2Fv2%2Fmedia&parent=10748"}],"wp:term":[{"taxonomy":"category","embeddable":true,"href":"https:\/\/radiolapeligrosaoriente.com\/index.php?rest_route=%2Fwp%2Fv2%2Fcategories&post=10748"},{"taxonomy":"post_tag","embeddable":true,"href":"https:\/\/radiolapeligrosaoriente.com\/index.php?rest_route=%2Fwp%2Fv2%2Ftags&post=10748"}],"curies":[{"name":"wp","href":"https:\/\/api.w.org\/{rel}","templated":true}]}}