{"id":10790,"date":"2024-09-30T08:19:12","date_gmt":"2024-09-30T14:19:12","guid":{"rendered":"https:\/\/radiolapeligrosaoriente.com\/?p=10790"},"modified":"2024-09-30T08:19:12","modified_gmt":"2024-09-30T14:19:12","slug":"nodal-revela-a-que-se-debio-su-drastica-perdida-de-peso","status":"publish","type":"post","link":"https:\/\/radiolapeligrosaoriente.com\/?p=10790","title":{"rendered":"Nodal revela a qu\u00e9 se debi\u00f3 su dr\u00e1stica p\u00e9rdida de peso"},"content":{"rendered":"\n<p class=\"wp-block-paragraph\">En 2022 tras su ruptura con Belinda, el cantante luc\u00eda muy diferente a como se ve ahora. Recientemente Nodal confes\u00f3 por qu\u00e9 tuvo que ponerse a dieta.<\/p>\n\n\n\n<!--more-->\n\n\n\n<p class=\"wp-block-paragraph\">Desde hace algunos meses&nbsp;<strong>Christian Nodal se ha enfocado en cuidar su salud<\/strong>, lo que ha provocado una&nbsp;<strong>dr\u00e1stica p\u00e9rdida de peso<\/strong>, pues en 2022 se ve\u00eda muy diferente a como luce ahora.<\/p>\n\n\n\n<p class=\"wp-block-paragraph\">El cantante, de 25 a\u00f1os, confes\u00f3 que tuvo que dejar su comida favorita, pues eso comenzaba a provocarle \u00abataques de ansiedad\u00bb.<\/p>\n\n\n\n<p class=\"wp-block-paragraph\">El 27 de septiembre cont\u00f3 en el canal de YouTube &#8216;La M\u00fasica&#8217; que, a pesar de que no de comer \u00abtanta comida chatarra\u00bb, su vida estuvo en peligro.<\/p>\n\n\n\n<p class=\"wp-block-paragraph\">\u00bb&nbsp;<strong>Ten\u00eda los triglic\u00e9ridos altos por comer pura carne<\/strong>, porque yo soy bien carn\u00edvoro, entonces no lo considero comida chatarra, pero as\u00ed de cosas prohibidas lo que no puedo comer es la carne\u00bb, explic\u00f3 el esposo de \u00c1ngela Aguilar.<\/p>\n\n\n\n<p class=\"wp-block-paragraph\">Por esta restricci\u00f3n fue que perdi\u00f3 varias libras, lo cual se le nota desde hace tiempo.<\/p>\n\n\n\n<p class=\"wp-block-paragraph\">\u00abLlevo un buen rato haciendo dieta, como balanceado y todo el asunto, pero s\u00ed se me estaban yendo los triglic\u00e9ridos muy al tope, por eso fue que&nbsp;<strong>pegu\u00e9 un baj\u00f3n de peso<\/strong>, porque ya sent\u00eda que&nbsp;<strong>me daban ataques de ansiedad<\/strong>\u00ab, a\u00f1adi\u00f3.<\/p>\n\n\n\n<figure class=\"wp-block-image size-full\"><img data-recalc-dims=\"1\" decoding=\"async\" src=\"https:\/\/i0.wp.com\/999azucar.com\/wp-content\/uploads\/2024\/09\/image-1.png?w=640&#038;ssl=1\" alt=\"\" class=\"wp-image-10871\"\/><\/figure>\n\n\n\n<p class=\"wp-block-paragraph\">Un a\u00f1o despu\u00e9s, durante su noviazgo con Cazzu fue que comenz\u00f3 a verse su transformaci\u00f3n.<\/p>\n\n\n\n<figure class=\"wp-block-image size-full\"><img data-recalc-dims=\"1\" decoding=\"async\" src=\"https:\/\/i0.wp.com\/999azucar.com\/wp-content\/uploads\/2024\/09\/image-2.png?w=640&#038;ssl=1\" alt=\"\" class=\"wp-image-10872\"\/><\/figure>\n\n\n\n<p class=\"wp-block-paragraph\">Pero fue hasta que Nodal se cas\u00f3 con \u00c1ngela que se aprecia su mayor cambio f\u00edsico, pues luce muy delgado.<\/p>\n","protected":false},"excerpt":{"rendered":"<p>En 2022 tras su ruptura con Belinda,<\/p>\n","protected":false},"author":1,"featured_media":10791,"comment_status":"closed","ping_status":"closed","sticky":false,"template":"","format":"standard","meta":{"_crdt_document":"","footnotes":"","jetpack_publicize_message":"","jetpack_publicize_feature_enabled":true,"jetpack_social_post_already_shared":true,"jetpack_social_options":{"image_generator_settings":{"template":"highway","default_image_id":0,"font":"","enabled":false},"version":2}},"categories":[1],"tags":[],"class_list":["post-10790","post","type-post","status-publish","format-standard","has-post-thumbnail","hentry","category-farandula"],"jetpack_publicize_connections":[],"_links":{"self":[{"href":"https:\/\/radiolapeligrosaoriente.com\/index.php?rest_route=\/wp\/v2\/posts\/10790","targetHints":{"allow":["GET"]}}],"collection":[{"href":"https:\/\/radiolapeligrosaoriente.com\/index.php?rest_route=\/wp\/v2\/posts"}],"about":[{"href":"https:\/\/radiolapeligrosaoriente.com\/index.php?rest_route=\/wp\/v2\/types\/post"}],"author":[{"embeddable":true,"href":"https:\/\/radiolapeligrosaoriente.com\/index.php?rest_route=\/wp\/v2\/users\/1"}],"replies":[{"embeddable":true,"href":"https:\/\/radiolapeligrosaoriente.com\/index.php?rest_route=%2Fwp%2Fv2%2Fcomments&post=10790"}],"version-history":[{"count":1,"href":"https:\/\/radiolapeligrosaoriente.com\/index.php?rest_route=\/wp\/v2\/posts\/10790\/revisions"}],"predecessor-version":[{"id":10792,"href":"https:\/\/radiolapeligrosaoriente.com\/index.php?rest_route=\/wp\/v2\/posts\/10790\/revisions\/10792"}],"wp:featuredmedia":[{"embeddable":true,"href":"https:\/\/radiolapeligrosaoriente.com\/index.php?rest_route=\/wp\/v2\/media\/10791"}],"wp:attachment":[{"href":"https:\/\/radiolapeligrosaoriente.com\/index.php?rest_route=%2Fwp%2Fv2%2Fmedia&parent=10790"}],"wp:term":[{"taxonomy":"category","embeddable":true,"href":"https:\/\/radiolapeligrosaoriente.com\/index.php?rest_route=%2Fwp%2Fv2%2Fcategories&post=10790"},{"taxonomy":"post_tag","embeddable":true,"href":"https:\/\/radiolapeligrosaoriente.com\/index.php?rest_route=%2Fwp%2Fv2%2Ftags&post=10790"}],"curies":[{"name":"wp","href":"https:\/\/api.w.org\/{rel}","templated":true}]}}