{"id":11036,"date":"2026-09-03T08:11:15","date_gmt":"2026-09-03T14:11:15","guid":{"rendered":"https:\/\/radiolapeligrosaoriente.com\/?p=11036"},"modified":"2026-09-03T08:11:15","modified_gmt":"2026-09-03T14:11:15","slug":"abogado-de-ozuna-confirma-que-el-cantante-si-tuvo-una-relacion-con-modelo-que-lo-acusa","status":"publish","type":"post","link":"https:\/\/radiolapeligrosaoriente.com\/?p=11036","title":{"rendered":"Abogado de Ozuna confirma que el cantante s\u00ed tuvo una relaci\u00f3n con modelo que lo acusa"},"content":{"rendered":"<div class=\"wp-block-image\">\n<figure class=\"aligncenter size-full is-resized\"><img data-recalc-dims=\"1\" decoding=\"async\" src=\"https:\/\/i0.wp.com\/radiolapeligrosa.com\/wp-content\/uploads\/2026\/09\/image-3.png?w=640&#038;ssl=1\" alt=\"\" style=\"width:606px;height:auto\" \/><\/figure>\n<\/div>\n\n\n<p class=\"has-medium-font-size wp-block-paragraph\">El abogado de Ozuna confirm\u00f3 que el cantante mantuvo una relaci\u00f3n con Gillian Atkinson, modelo que lo acusa de presunto maltrato f\u00edsico y quien ya tiene una orden de protecci\u00f3n a su favor.<\/p>\n","protected":false},"excerpt":{"rendered":"<p>El abogado de Ozuna confirm\u00f3 que el<\/p>\n","protected":false},"author":4,"featured_media":0,"comment_status":"closed","ping_status":"closed","sticky":false,"template":"","format":"standard","meta":{"footnotes":"","jetpack_publicize_message":"","jetpack_publicize_feature_enabled":true,"jetpack_social_post_already_shared":true,"jetpack_social_options":{"image_generator_settings":{"template":"highway","default_image_id":0,"font":"","enabled":false},"version":2}},"categories":[1],"tags":[],"class_list":["post-11036","post","type-post","status-publish","format-standard","hentry","category-farandula"],"jetpack_publicize_connections":[],"_links":{"self":[{"href":"https:\/\/radiolapeligrosaoriente.com\/index.php?rest_route=\/wp\/v2\/posts\/11036","targetHints":{"allow":["GET"]}}],"collection":[{"href":"https:\/\/radiolapeligrosaoriente.com\/index.php?rest_route=\/wp\/v2\/posts"}],"about":[{"href":"https:\/\/radiolapeligrosaoriente.com\/index.php?rest_route=\/wp\/v2\/types\/post"}],"author":[{"embeddable":true,"href":"https:\/\/radiolapeligrosaoriente.com\/index.php?rest_route=\/wp\/v2\/users\/4"}],"replies":[{"embeddable":true,"href":"https:\/\/radiolapeligrosaoriente.com\/index.php?rest_route=%2Fwp%2Fv2%2Fcomments&post=11036"}],"version-history":[{"count":1,"href":"https:\/\/radiolapeligrosaoriente.com\/index.php?rest_route=\/wp\/v2\/posts\/11036\/revisions"}],"predecessor-version":[{"id":11037,"href":"https:\/\/radiolapeligrosaoriente.com\/index.php?rest_route=\/wp\/v2\/posts\/11036\/revisions\/11037"}],"wp:attachment":[{"href":"https:\/\/radiolapeligrosaoriente.com\/index.php?rest_route=%2Fwp%2Fv2%2Fmedia&parent=11036"}],"wp:term":[{"taxonomy":"category","embeddable":true,"href":"https:\/\/radiolapeligrosaoriente.com\/index.php?rest_route=%2Fwp%2Fv2%2Fcategories&post=11036"},{"taxonomy":"post_tag","embeddable":true,"href":"https:\/\/radiolapeligrosaoriente.com\/index.php?rest_route=%2Fwp%2Fv2%2Ftags&post=11036"}],"curies":[{"name":"wp","href":"https:\/\/api.w.org\/{rel}","templated":true}]}}